{"id":1675,"date":"2022-09-14T21:40:03","date_gmt":"2022-09-14T19:40:03","guid":{"rendered":"http:\/\/crkdrpaysdelaloire.fr\/?p=1675"},"modified":"2022-09-14T21:40:04","modified_gmt":"2022-09-14T19:40:04","slug":"stage-regional-de-rentree-iaido-16-10-2022-angers","status":"publish","type":"post","link":"https:\/\/crkdrpaysdelaloire.fr\/index.php\/2022\/09\/14\/stage-regional-de-rentree-iaido-16-10-2022-angers\/","title":{"rendered":"Stage r\u00e9gional de rentr\u00e9e Ia\u00efdo &#8211; 16\/10\/2022 &#8211; Angers"},"content":{"rendered":"\n<div data-wp-interactive=\"core\/file\" class=\"wp-block-file\"><object data-wp-bind--hidden=\"!state.hasPdfPreview\" hidden class=\"wp-block-file__embed\" data=\"http:\/\/crkdrpaysdelaloire.fr\/wp-content\/uploads\/2022\/09\/Stage-regional-Iaido-16-10-2022.pdf\" type=\"application\/pdf\" style=\"width:100%;height:600px\" aria-label=\"Contenu embarqu\u00e9 Contenu embarqu\u00e9 Stage-regional-Iaido-16-10-2022..\"><\/object><a id=\"wp-block-file--media-f542f454-687a-439a-b5f2-7064f9eb25e6\" href=\"http:\/\/crkdrpaysdelaloire.fr\/wp-content\/uploads\/2022\/09\/Stage-regional-Iaido-16-10-2022.pdf\">Stage-regional-Iaido-16-10-2022<\/a><a href=\"http:\/\/crkdrpaysdelaloire.fr\/wp-content\/uploads\/2022\/09\/Stage-regional-Iaido-16-10-2022.pdf\" class=\"wp-block-file__button\" download aria-describedby=\"wp-block-file--media-f542f454-687a-439a-b5f2-7064f9eb25e6\">T\u00e9l\u00e9charger<\/a><\/div>\n","protected":false},"excerpt":{"rendered":"","protected":false},"author":8,"featured_media":0,"comment_status":"open","ping_status":"open","sticky":false,"template":"","format":"standard","meta":{"_jetpack_memberships_contains_paid_content":false,"footnotes":""},"categories":[1],"tags":[],"class_list":["post-1675","post","type-post","status-publish","format-standard","hentry","category-non-classe","entry"],"yoast_head":"<!-- This site is optimized with the Yoast SEO plugin v27.4 - https:\/\/yoast.com\/product\/yoast-seo-wordpress\/ -->\n<title>Stage r\u00e9gional de rentr\u00e9e Ia\u00efdo - 16\/10\/2022 - Angers -<\/title>\n<meta name=\"robots\" content=\"index, follow, max-snippet:-1, max-image-preview:large, max-video-preview:-1\" \/>\n<link rel=\"canonical\" href=\"http:\/\/crkdrpaysdelaloire.fr\/index.php\/2022\/09\/14\/stage-regional-de-rentree-iaido-16-10-2022-angers\/\" \/>\n<meta property=\"og:locale\" content=\"fr_FR\" \/>\n<meta property=\"og:type\" content=\"article\" \/>\n<meta property=\"og:title\" content=\"Stage r\u00e9gional de rentr\u00e9e Ia\u00efdo - 16\/10\/2022 - Angers -\" \/>\n<meta property=\"og:url\" content=\"http:\/\/crkdrpaysdelaloire.fr\/index.php\/2022\/09\/14\/stage-regional-de-rentree-iaido-16-10-2022-angers\/\" \/>\n<meta property=\"article:publisher\" content=\"https:\/\/www.facebook.com\/crkdr.paysdelaloire\/\" \/>\n<meta property=\"article:published_time\" content=\"2022-09-14T19:40:03+00:00\" \/>\n<meta property=\"article:modified_time\" content=\"2022-09-14T19:40:04+00:00\" \/>\n<meta name=\"author\" content=\"Arnaud Bonnet\" \/>\n<meta name=\"twitter:card\" content=\"summary_large_image\" \/>\n<meta name=\"twitter:label1\" content=\"\u00c9crit par\" \/>\n\t<meta name=\"twitter:data1\" content=\"Arnaud Bonnet\" \/>\n\t<meta name=\"twitter:label2\" content=\"Dur\u00e9e de lecture estim\u00e9e\" \/>\n\t<meta name=\"twitter:data2\" content=\"1 minute\" \/>\n<script type=\"application\/ld+json\" class=\"yoast-schema-graph\">{\"@context\":\"https:\\\/\\\/schema.org\",\"@graph\":[{\"@type\":\"Article\",\"@id\":\"http:\\\/\\\/crkdrpaysdelaloire.fr\\\/index.php\\\/2022\\\/09\\\/14\\\/stage-regional-de-rentree-iaido-16-10-2022-angers\\\/#article\",\"isPartOf\":{\"@id\":\"http:\\\/\\\/crkdrpaysdelaloire.fr\\\/index.php\\\/2022\\\/09\\\/14\\\/stage-regional-de-rentree-iaido-16-10-2022-angers\\\/\"},\"author\":{\"name\":\"Arnaud Bonnet\",\"@id\":\"https:\\\/\\\/crkdrpaysdelaloire.fr\\\/#\\\/schema\\\/person\\\/c195d003f5b7368d0755ae909f1c320d\"},\"headline\":\"Stage r\u00e9gional de rentr\u00e9e Ia\u00efdo &#8211; 16\\\/10\\\/2022 &#8211; Angers\",\"datePublished\":\"2022-09-14T19:40:03+00:00\",\"dateModified\":\"2022-09-14T19:40:04+00:00\",\"mainEntityOfPage\":{\"@id\":\"http:\\\/\\\/crkdrpaysdelaloire.fr\\\/index.php\\\/2022\\\/09\\\/14\\\/stage-regional-de-rentree-iaido-16-10-2022-angers\\\/\"},\"wordCount\":17,\"commentCount\":1,\"publisher\":{\"@id\":\"https:\\\/\\\/crkdrpaysdelaloire.fr\\\/#organization\"},\"inLanguage\":\"fr-FR\",\"potentialAction\":[{\"@type\":\"CommentAction\",\"name\":\"Comment\",\"target\":[\"http:\\\/\\\/crkdrpaysdelaloire.fr\\\/index.php\\\/2022\\\/09\\\/14\\\/stage-regional-de-rentree-iaido-16-10-2022-angers\\\/#respond\"]}]},{\"@type\":\"WebPage\",\"@id\":\"http:\\\/\\\/crkdrpaysdelaloire.fr\\\/index.php\\\/2022\\\/09\\\/14\\\/stage-regional-de-rentree-iaido-16-10-2022-angers\\\/\",\"url\":\"http:\\\/\\\/crkdrpaysdelaloire.fr\\\/index.php\\\/2022\\\/09\\\/14\\\/stage-regional-de-rentree-iaido-16-10-2022-angers\\\/\",\"name\":\"Stage r\u00e9gional de rentr\u00e9e Ia\u00efdo - 16\\\/10\\\/2022 - Angers -\",\"isPartOf\":{\"@id\":\"https:\\\/\\\/crkdrpaysdelaloire.fr\\\/#website\"},\"datePublished\":\"2022-09-14T19:40:03+00:00\",\"dateModified\":\"2022-09-14T19:40:04+00:00\",\"breadcrumb\":{\"@id\":\"http:\\\/\\\/crkdrpaysdelaloire.fr\\\/index.php\\\/2022\\\/09\\\/14\\\/stage-regional-de-rentree-iaido-16-10-2022-angers\\\/#breadcrumb\"},\"inLanguage\":\"fr-FR\",\"potentialAction\":[{\"@type\":\"ReadAction\",\"target\":[\"http:\\\/\\\/crkdrpaysdelaloire.fr\\\/index.php\\\/2022\\\/09\\\/14\\\/stage-regional-de-rentree-iaido-16-10-2022-angers\\\/\"]}]},{\"@type\":\"BreadcrumbList\",\"@id\":\"http:\\\/\\\/crkdrpaysdelaloire.fr\\\/index.php\\\/2022\\\/09\\\/14\\\/stage-regional-de-rentree-iaido-16-10-2022-angers\\\/#breadcrumb\",\"itemListElement\":[{\"@type\":\"ListItem\",\"position\":1,\"name\":\"Accueil\",\"item\":\"https:\\\/\\\/crkdrpaysdelaloire.fr\\\/\"},{\"@type\":\"ListItem\",\"position\":2,\"name\":\"Stage r\u00e9gional de rentr\u00e9e Ia\u00efdo &#8211; 16\\\/10\\\/2022 &#8211; Angers\"}]},{\"@type\":\"WebSite\",\"@id\":\"https:\\\/\\\/crkdrpaysdelaloire.fr\\\/#website\",\"url\":\"https:\\\/\\\/crkdrpaysdelaloire.fr\\\/\",\"name\":\"CRK PdL\",\"description\":\"\",\"publisher\":{\"@id\":\"https:\\\/\\\/crkdrpaysdelaloire.fr\\\/#organization\"},\"potentialAction\":[{\"@type\":\"SearchAction\",\"target\":{\"@type\":\"EntryPoint\",\"urlTemplate\":\"https:\\\/\\\/crkdrpaysdelaloire.fr\\\/?s={search_term_string}\"},\"query-input\":{\"@type\":\"PropertyValueSpecification\",\"valueRequired\":true,\"valueName\":\"search_term_string\"}}],\"inLanguage\":\"fr-FR\"},{\"@type\":\"Organization\",\"@id\":\"https:\\\/\\\/crkdrpaysdelaloire.fr\\\/#organization\",\"name\":\"Comit\u00e9 R\u00e9gional de Kendo des Pays de la Loire\",\"url\":\"https:\\\/\\\/crkdrpaysdelaloire.fr\\\/\",\"logo\":{\"@type\":\"ImageObject\",\"inLanguage\":\"fr-FR\",\"@id\":\"https:\\\/\\\/crkdrpaysdelaloire.fr\\\/#\\\/schema\\\/logo\\\/image\\\/\",\"url\":\"http:\\\/\\\/crkdrpaysdelaloire.fr\\\/wp-content\\\/uploads\\\/2021\\\/09\\\/2021-08-25-cnkdrpdl-logo-declinaison-CMJN_LOGO-CMJN-WEB.png\",\"contentUrl\":\"http:\\\/\\\/crkdrpaysdelaloire.fr\\\/wp-content\\\/uploads\\\/2021\\\/09\\\/2021-08-25-cnkdrpdl-logo-declinaison-CMJN_LOGO-CMJN-WEB.png\",\"width\":180,\"height\":180,\"caption\":\"Comit\u00e9 R\u00e9gional de Kendo des Pays de la Loire\"},\"image\":{\"@id\":\"https:\\\/\\\/crkdrpaysdelaloire.fr\\\/#\\\/schema\\\/logo\\\/image\\\/\"},\"sameAs\":[\"https:\\\/\\\/www.facebook.com\\\/crkdr.paysdelaloire\\\/\"]},{\"@type\":\"Person\",\"@id\":\"https:\\\/\\\/crkdrpaysdelaloire.fr\\\/#\\\/schema\\\/person\\\/c195d003f5b7368d0755ae909f1c320d\",\"name\":\"Arnaud Bonnet\",\"image\":{\"@type\":\"ImageObject\",\"inLanguage\":\"fr-FR\",\"@id\":\"https:\\\/\\\/secure.gravatar.com\\\/avatar\\\/500f6f5e4f8bc72da6a3c771747b0e9bad96e2f323971dfa7e5c869b86f14472?s=96&d=mm&r=g\",\"url\":\"https:\\\/\\\/secure.gravatar.com\\\/avatar\\\/500f6f5e4f8bc72da6a3c771747b0e9bad96e2f323971dfa7e5c869b86f14472?s=96&d=mm&r=g\",\"contentUrl\":\"https:\\\/\\\/secure.gravatar.com\\\/avatar\\\/500f6f5e4f8bc72da6a3c771747b0e9bad96e2f323971dfa7e5c869b86f14472?s=96&d=mm&r=g\",\"caption\":\"Arnaud Bonnet\"},\"url\":\"https:\\\/\\\/crkdrpaysdelaloire.fr\\\/index.php\\\/author\\\/abonnet\\\/\"}]}<\/script>\n<!-- \/ Yoast SEO plugin. -->","yoast_head_json":{"title":"Stage r\u00e9gional de rentr\u00e9e Ia\u00efdo - 16\/10\/2022 - Angers -","robots":{"index":"index","follow":"follow","max-snippet":"max-snippet:-1","max-image-preview":"max-image-preview:large","max-video-preview":"max-video-preview:-1"},"canonical":"http:\/\/crkdrpaysdelaloire.fr\/index.php\/2022\/09\/14\/stage-regional-de-rentree-iaido-16-10-2022-angers\/","og_locale":"fr_FR","og_type":"article","og_title":"Stage r\u00e9gional de rentr\u00e9e Ia\u00efdo - 16\/10\/2022 - Angers -","og_url":"http:\/\/crkdrpaysdelaloire.fr\/index.php\/2022\/09\/14\/stage-regional-de-rentree-iaido-16-10-2022-angers\/","article_publisher":"https:\/\/www.facebook.com\/crkdr.paysdelaloire\/","article_published_time":"2022-09-14T19:40:03+00:00","article_modified_time":"2022-09-14T19:40:04+00:00","author":"Arnaud Bonnet","twitter_card":"summary_large_image","twitter_misc":{"\u00c9crit par":"Arnaud Bonnet","Dur\u00e9e de lecture estim\u00e9e":"1 minute"},"schema":{"@context":"https:\/\/schema.org","@graph":[{"@type":"Article","@id":"http:\/\/crkdrpaysdelaloire.fr\/index.php\/2022\/09\/14\/stage-regional-de-rentree-iaido-16-10-2022-angers\/#article","isPartOf":{"@id":"http:\/\/crkdrpaysdelaloire.fr\/index.php\/2022\/09\/14\/stage-regional-de-rentree-iaido-16-10-2022-angers\/"},"author":{"name":"Arnaud Bonnet","@id":"https:\/\/crkdrpaysdelaloire.fr\/#\/schema\/person\/c195d003f5b7368d0755ae909f1c320d"},"headline":"Stage r\u00e9gional de rentr\u00e9e Ia\u00efdo &#8211; 16\/10\/2022 &#8211; Angers","datePublished":"2022-09-14T19:40:03+00:00","dateModified":"2022-09-14T19:40:04+00:00","mainEntityOfPage":{"@id":"http:\/\/crkdrpaysdelaloire.fr\/index.php\/2022\/09\/14\/stage-regional-de-rentree-iaido-16-10-2022-angers\/"},"wordCount":17,"commentCount":1,"publisher":{"@id":"https:\/\/crkdrpaysdelaloire.fr\/#organization"},"inLanguage":"fr-FR","potentialAction":[{"@type":"CommentAction","name":"Comment","target":["http:\/\/crkdrpaysdelaloire.fr\/index.php\/2022\/09\/14\/stage-regional-de-rentree-iaido-16-10-2022-angers\/#respond"]}]},{"@type":"WebPage","@id":"http:\/\/crkdrpaysdelaloire.fr\/index.php\/2022\/09\/14\/stage-regional-de-rentree-iaido-16-10-2022-angers\/","url":"http:\/\/crkdrpaysdelaloire.fr\/index.php\/2022\/09\/14\/stage-regional-de-rentree-iaido-16-10-2022-angers\/","name":"Stage r\u00e9gional de rentr\u00e9e Ia\u00efdo - 16\/10\/2022 - Angers -","isPartOf":{"@id":"https:\/\/crkdrpaysdelaloire.fr\/#website"},"datePublished":"2022-09-14T19:40:03+00:00","dateModified":"2022-09-14T19:40:04+00:00","breadcrumb":{"@id":"http:\/\/crkdrpaysdelaloire.fr\/index.php\/2022\/09\/14\/stage-regional-de-rentree-iaido-16-10-2022-angers\/#breadcrumb"},"inLanguage":"fr-FR","potentialAction":[{"@type":"ReadAction","target":["http:\/\/crkdrpaysdelaloire.fr\/index.php\/2022\/09\/14\/stage-regional-de-rentree-iaido-16-10-2022-angers\/"]}]},{"@type":"BreadcrumbList","@id":"http:\/\/crkdrpaysdelaloire.fr\/index.php\/2022\/09\/14\/stage-regional-de-rentree-iaido-16-10-2022-angers\/#breadcrumb","itemListElement":[{"@type":"ListItem","position":1,"name":"Accueil","item":"https:\/\/crkdrpaysdelaloire.fr\/"},{"@type":"ListItem","position":2,"name":"Stage r\u00e9gional de rentr\u00e9e Ia\u00efdo &#8211; 16\/10\/2022 &#8211; Angers"}]},{"@type":"WebSite","@id":"https:\/\/crkdrpaysdelaloire.fr\/#website","url":"https:\/\/crkdrpaysdelaloire.fr\/","name":"CRK PdL","description":"","publisher":{"@id":"https:\/\/crkdrpaysdelaloire.fr\/#organization"},"potentialAction":[{"@type":"SearchAction","target":{"@type":"EntryPoint","urlTemplate":"https:\/\/crkdrpaysdelaloire.fr\/?s={search_term_string}"},"query-input":{"@type":"PropertyValueSpecification","valueRequired":true,"valueName":"search_term_string"}}],"inLanguage":"fr-FR"},{"@type":"Organization","@id":"https:\/\/crkdrpaysdelaloire.fr\/#organization","name":"Comit\u00e9 R\u00e9gional de Kendo des Pays de la Loire","url":"https:\/\/crkdrpaysdelaloire.fr\/","logo":{"@type":"ImageObject","inLanguage":"fr-FR","@id":"https:\/\/crkdrpaysdelaloire.fr\/#\/schema\/logo\/image\/","url":"http:\/\/crkdrpaysdelaloire.fr\/wp-content\/uploads\/2021\/09\/2021-08-25-cnkdrpdl-logo-declinaison-CMJN_LOGO-CMJN-WEB.png","contentUrl":"http:\/\/crkdrpaysdelaloire.fr\/wp-content\/uploads\/2021\/09\/2021-08-25-cnkdrpdl-logo-declinaison-CMJN_LOGO-CMJN-WEB.png","width":180,"height":180,"caption":"Comit\u00e9 R\u00e9gional de Kendo des Pays de la Loire"},"image":{"@id":"https:\/\/crkdrpaysdelaloire.fr\/#\/schema\/logo\/image\/"},"sameAs":["https:\/\/www.facebook.com\/crkdr.paysdelaloire\/"]},{"@type":"Person","@id":"https:\/\/crkdrpaysdelaloire.fr\/#\/schema\/person\/c195d003f5b7368d0755ae909f1c320d","name":"Arnaud Bonnet","image":{"@type":"ImageObject","inLanguage":"fr-FR","@id":"https:\/\/secure.gravatar.com\/avatar\/500f6f5e4f8bc72da6a3c771747b0e9bad96e2f323971dfa7e5c869b86f14472?s=96&d=mm&r=g","url":"https:\/\/secure.gravatar.com\/avatar\/500f6f5e4f8bc72da6a3c771747b0e9bad96e2f323971dfa7e5c869b86f14472?s=96&d=mm&r=g","contentUrl":"https:\/\/secure.gravatar.com\/avatar\/500f6f5e4f8bc72da6a3c771747b0e9bad96e2f323971dfa7e5c869b86f14472?s=96&d=mm&r=g","caption":"Arnaud Bonnet"},"url":"https:\/\/crkdrpaysdelaloire.fr\/index.php\/author\/abonnet\/"}]}},"views":1073,"jetpack_featured_media_url":"","jetpack_sharing_enabled":true,"_links":{"self":[{"href":"https:\/\/crkdrpaysdelaloire.fr\/index.php\/wp-json\/wp\/v2\/posts\/1675","targetHints":{"allow":["GET"]}}],"collection":[{"href":"https:\/\/crkdrpaysdelaloire.fr\/index.php\/wp-json\/wp\/v2\/posts"}],"about":[{"href":"https:\/\/crkdrpaysdelaloire.fr\/index.php\/wp-json\/wp\/v2\/types\/post"}],"author":[{"embeddable":true,"href":"https:\/\/crkdrpaysdelaloire.fr\/index.php\/wp-json\/wp\/v2\/users\/8"}],"replies":[{"embeddable":true,"href":"https:\/\/crkdrpaysdelaloire.fr\/index.php\/wp-json\/wp\/v2\/comments?post=1675"}],"version-history":[{"count":3,"href":"https:\/\/crkdrpaysdelaloire.fr\/index.php\/wp-json\/wp\/v2\/posts\/1675\/revisions"}],"predecessor-version":[{"id":1679,"href":"https:\/\/crkdrpaysdelaloire.fr\/index.php\/wp-json\/wp\/v2\/posts\/1675\/revisions\/1679"}],"wp:attachment":[{"href":"https:\/\/crkdrpaysdelaloire.fr\/index.php\/wp-json\/wp\/v2\/media?parent=1675"}],"wp:term":[{"taxonomy":"category","embeddable":true,"href":"https:\/\/crkdrpaysdelaloire.fr\/index.php\/wp-json\/wp\/v2\/categories?post=1675"},{"taxonomy":"post_tag","embeddable":true,"href":"https:\/\/crkdrpaysdelaloire.fr\/index.php\/wp-json\/wp\/v2\/tags?post=1675"}],"curies":[{"name":"wp","href":"https:\/\/api.w.org\/{rel}","templated":true}]}}